{"id":2732,"date":"2020-07-29T15:35:29","date_gmt":"2020-07-29T15:35:29","guid":{"rendered":"http:\/\/ssr.upm.es\/?p=2732"},"modified":"2020-10-15T15:59:08","modified_gmt":"2020-10-15T15:59:08","slug":"ganadores-de-la-xl-edicion-de-los-premios-ingenieros-de-telecomunicacion-del-coit-aeit","status":"publish","type":"post","link":"https:\/\/ssr.upm.es\/en\/2020\/07\/29\/ganadores-de-la-xl-edicion-de-los-premios-ingenieros-de-telecomunicacion-del-coit-aeit\/","title":{"rendered":"Ganadores de la XL edici\u00f3n de los Premios Ingenieros de Telecomunicaci\u00f3n del COIT\/AEIT"},"content":{"rendered":"<div class=\"vc_row wpb_row vc_row-fluid\"><div class=\"wpb_column vc_column_container vc_col-sm-12\"><div class=\"vc_column-inner\"><div class=\"wpb_wrapper\">\n\t<div class=\"wpb_text_column wpb_content_element\" >\n\t\t<div class=\"wpb_wrapper\">\n\t\t\t<h4>29.07.2020<br \/>\nEl COIT premia tres trabajos realizados en el SSR y la trayectoria acad\u00e9mica de un alumno con vinculaci\u00f3n al Departamento.<\/h4>\n\n\t\t<\/div>\n\t<\/div>\n<\/div><\/div><\/div><\/div><div class=\"vc_row wpb_row vc_row-fluid\"><div class=\"wpb_column vc_column_container vc_col-sm-12\"><div class=\"vc_column-inner\"><div class=\"wpb_wrapper\">\n\t<div  class=\"wpb_single_image wpb_content_element vc_align_left\">\n\t\t\n\t\t<figure class=\"wpb_wrapper vc_figure\">\n\t\t\t<div class=\"vc_single_image-wrapper   vc_box_border_grey\"><img width=\"640\" height=\"399\" src=\"https:\/\/ssr.upm.es\/wp-content\/uploads\/2020\/10\/david_baldazo_julio_2020.jpg\" class=\"vc_single_image-img attachment-full\" alt=\"\" loading=\"lazy\" srcset=\"https:\/\/ssr.upm.es\/wp-content\/uploads\/2020\/10\/david_baldazo_julio_2020.jpg 640w, https:\/\/ssr.upm.es\/wp-content\/uploads\/2020\/10\/david_baldazo_julio_2020-300x187.jpg 300w\" sizes=\"(max-width: 640px) 100vw, 640px\"  data-dt-location=\"https:\/\/ssr.upm.es\/en\/2020\/07\/29\/ganadores-de-la-xl-edicion-de-los-premios-ingenieros-de-telecomunicacion-del-coit-aeit\/david_baldazo_julio_2020\/\" \/><\/div>\n\t\t<\/figure>\n\t<\/div>\n\n\t<div class=\"wpb_text_column wpb_content_element\" >\n\t\t<div class=\"wpb_wrapper\">\n\t\t\t<p>Imagen: <strong>David Baldazo<\/strong> en noviembre de 2019 tras recibir la insignia de oro de la ETSIT como n\u00famero uno de la XCII promoci\u00f3n de ingenieros de telecomunicaci\u00f3n.<\/p>\n\n\t\t<\/div>\n\t<\/div>\n<div class=\"vc_empty_space\"   style=\"height: 20px\"><span class=\"vc_empty_space_inner\"><\/span><\/div><\/div><\/div><\/div><\/div><div class=\"vc_row wpb_row vc_row-fluid\"><div class=\"wpb_column vc_column_container vc_col-sm-12\"><div class=\"vc_column-inner\"><div class=\"wpb_wrapper\">\n\t<div class=\"wpb_text_column wpb_content_element\" >\n\t\t<div class=\"wpb_wrapper\">\n\t\t\t<p>El jurado, que se reuni\u00f3 el pasado 24 de julio para decidir los ganadores en las diferentes categor\u00edas, seleccion\u00f3 a los 19 premiados entre las 75 candidaturas recibidas. Hay que resaltar el hecho de que la UPM la sido la universidad m\u00e1s premiada de entre las 25 participantes.<\/p>\n<p>Entre los premiados figuran cuatro alumnos con vinculaci\u00f3n al SSR:<\/p>\n<ul>\n<li><strong>David Baldazo<\/strong> ha sido galardonado con el premio IBM a la mejor trayectoria acad\u00e9mica en ingenier\u00eda de telecomunicaci\u00f3n. David ha realizado su TFM en el Grupo de Aplicaciones del Procesado de Se\u00f1al (GAPS) del SSR.<\/li>\n<li><strong>Federico Antonio Garc\u00eda Rial<\/strong> ha recibido el premio Isdefe a la mejor Tesis Doctoral en Seguridad y Defensa que fue dirigida por<strong> Jes\u00fas Grajal de la Fuente<\/strong>.<\/li>\n<li><strong>Mateo Jos\u00e9 C\u00e1mara Largo<\/strong> ha obtenido el premio Ericsson al mejor Trabajo Fin de M\u00e1ster en Innovacion para la Sociedad Conectada Responsable, dirigido por <strong>C\u00e9sar D\u00edaz Mart\u00edn<\/strong>, y supervisado por <strong>Narciso Garc\u00eda Santos<\/strong>.<\/li>\n<li><strong>\u00d3scar Alberto Pla Terrada<\/strong> ha recibido el precio Hispasat al mejor Trabajo Fin de M\u00e1ster en nuevas tecnolog\u00edas para sat\u00e9lites de comunicaciones. El trabajo ha sido dirigido por <strong>Alfonso Tom\u00e1s Muriel Barrado<\/strong> y supervisado por <strong>Manuel Sierra <\/strong><strong>P\u00e9rez<\/strong>.<\/li>\n<\/ul>\n\n\t\t<\/div>\n\t<\/div>\n<\/div><\/div><\/div><\/div><div class=\"vc_row wpb_row vc_row-fluid\"><div class=\"wpb_column vc_column_container vc_col-sm-12\"><div class=\"vc_column-inner\"><div class=\"wpb_wrapper\">\n\t<div class=\"wpb_text_column wpb_content_element\" >\n\t\t<div class=\"wpb_wrapper\">\n\t\t\t<h4>Categor\u00edas y patrocinio<\/h4>\n<p>Las categor\u00edas de estos 19 premios, que cumplen su cuadrag\u00e9sima edici\u00f3n, son: Mejores<br \/>\nProyectos Fin de Carrera o Trabajos Fin de M\u00e1ster (nueve premios), Tesis Doctorales<br \/>\n(siete premios) y Mejores Trayectorias Acad\u00e9micas en Ingenier\u00eda de Telecomunicaci\u00f3n<br \/>\n(tres premios). El n\u00famero de centros universitarios que han colaborado como evaluadores<br \/>\nha sido de 30, repartidos por 20 provincias espa\u00f1olas. Los premios se entregar\u00e1n en un<br \/>\nacto cuya fecha est\u00e1 a\u00fan por determinar.<br \/>\nLos galardones son posibles gracias a las empresas que apoyan la iniciativa a trav\u00e9s de<br \/>\nsu patrocinio. En esta edici\u00f3n, se ha contado con la colaboraci\u00f3n de Asisa, Ericsson,<br \/>\nFermax, Fundaci\u00f3n Telef\u00f3nica, HisdeSAT, Hispasat, Huawei, IBM, IN-NOVA, Isdefe y<br \/>\nReintel.<\/p>\n<p>En este enlace se puede consultar el acta de la reuni\u00f3n del jurado con la lista completa de<br \/>\nganadores.<\/p>\n\n\t\t<\/div>\n\t<\/div>\n<\/div><\/div><\/div><\/div>","protected":false},"excerpt":{"rendered":"<p>29.07.2020 El COIT premia tres trabajos realizados en el SSR y la trayectoria acad\u00e9mica de un alumno con vinculaci\u00f3n al Departamento. Imagen: David Baldazo en noviembre de 2019 tras recibir la insignia de oro de la ETSIT como n\u00famero uno de la XCII promoci\u00f3n de ingenieros de telecomunicaci\u00f3n. El jurado, que se reuni\u00f3 el pasado&hellip;<\/p>","protected":false},"author":1,"featured_media":2733,"comment_status":"open","ping_status":"open","sticky":false,"template":"","format":"standard","meta":[],"categories":[30],"tags":[],"_links":{"self":[{"href":"https:\/\/ssr.upm.es\/en\/wp-json\/wp\/v2\/posts\/2732"}],"collection":[{"href":"https:\/\/ssr.upm.es\/en\/wp-json\/wp\/v2\/posts"}],"about":[{"href":"https:\/\/ssr.upm.es\/en\/wp-json\/wp\/v2\/types\/post"}],"author":[{"embeddable":true,"href":"https:\/\/ssr.upm.es\/en\/wp-json\/wp\/v2\/users\/1"}],"replies":[{"embeddable":true,"href":"https:\/\/ssr.upm.es\/en\/wp-json\/wp\/v2\/comments?post=2732"}],"version-history":[{"count":5,"href":"https:\/\/ssr.upm.es\/en\/wp-json\/wp\/v2\/posts\/2732\/revisions"}],"predecessor-version":[{"id":4041,"href":"https:\/\/ssr.upm.es\/en\/wp-json\/wp\/v2\/posts\/2732\/revisions\/4041"}],"wp:featuredmedia":[{"embeddable":true,"href":"https:\/\/ssr.upm.es\/en\/wp-json\/wp\/v2\/media\/2733"}],"wp:attachment":[{"href":"https:\/\/ssr.upm.es\/en\/wp-json\/wp\/v2\/media?parent=2732"}],"wp:term":[{"taxonomy":"category","embeddable":true,"href":"https:\/\/ssr.upm.es\/en\/wp-json\/wp\/v2\/categories?post=2732"},{"taxonomy":"post_tag","embeddable":true,"href":"https:\/\/ssr.upm.es\/en\/wp-json\/wp\/v2\/tags?post=2732"}],"curies":[{"name":"wp","href":"https:\/\/api.w.org\/{rel}","templated":true}]}}