{"id":4358,"date":"2024-10-23T13:30:34","date_gmt":"2024-10-23T11:30:34","guid":{"rendered":"https:\/\/ssr.upm.es\/?p=4358"},"modified":"2024-10-25T12:43:51","modified_gmt":"2024-10-25T10:43:51","slug":"espacio-de-honor-felix-perez-en-archivo-digital-upm","status":"publish","type":"post","link":"https:\/\/ssr.upm.es\/en\/2024\/10\/23\/espacio-de-honor-felix-perez-en-archivo-digital-upm\/","title":{"rendered":"Espacio de honor para F\u00e9lix P\u00e9rez en el Archivo Digital UPM"},"content":{"rendered":"<div class=\"vc_row wpb_row vc_row-fluid\"><div class=\"wpb_column vc_column_container vc_col-sm-12\"><div class=\"vc_column-inner\"><div class=\"wpb_wrapper\">\n\t<div class=\"wpb_text_column wpb_content_element\" >\n\t\t<div class=\"wpb_wrapper\">\n\t\t\t<div class=\"teaser-text\">\n<p>&nbsp;<\/p>\n<p><b>El proyecto \u2018Cream of Science\u2019 incorpora la producci\u00f3n cient\u00edfica del profesor em\u00e9rito de la ETSIT junto a una rese\u00f1a biogr\u00e1fica y acontecimientos relevantes de su carrera<\/b><\/p>\n<p>&nbsp;<\/p>\n<\/div>\n\n\t\t<\/div>\n\t<\/div>\n\n\t<div  class=\"wpb_single_image wpb_content_element vc_align_center\">\n\t\t\n\t\t<figure class=\"wpb_wrapper vc_figure\">\n\t\t\t<div class=\"vc_single_image-wrapper   vc_box_border_grey\"><img width=\"800\" height=\"527\" src=\"https:\/\/ssr.upm.es\/wp-content\/uploads\/2024\/10\/csm_Felix_Perez_3cf2515856.jpg\" class=\"vc_single_image-img attachment-full\" alt=\"\" loading=\"lazy\" srcset=\"https:\/\/ssr.upm.es\/wp-content\/uploads\/2024\/10\/csm_Felix_Perez_3cf2515856.jpg 800w, https:\/\/ssr.upm.es\/wp-content\/uploads\/2024\/10\/csm_Felix_Perez_3cf2515856-300x198.jpg 300w, https:\/\/ssr.upm.es\/wp-content\/uploads\/2024\/10\/csm_Felix_Perez_3cf2515856-768x506.jpg 768w, https:\/\/ssr.upm.es\/wp-content\/uploads\/2024\/10\/csm_Felix_Perez_3cf2515856-18x12.jpg 18w\" sizes=\"(max-width: 800px) 100vw, 800px\"  data-dt-location=\"https:\/\/ssr.upm.es\/en\/2024\/10\/23\/espacio-de-honor-felix-perez-en-archivo-digital-upm\/csm_felix_perez_3cf2515856\/\" \/><\/div>\n\t\t<\/figure>\n\t<\/div>\n<div class=\"vc_empty_space\"   style=\"height: 32px\"><span class=\"vc_empty_space_inner\"><\/span><\/div><\/div><\/div><\/div><\/div><div class=\"vc_row wpb_row vc_row-fluid\"><div class=\"wpb_column vc_column_container vc_col-sm-12\"><div class=\"vc_column-inner\"><div class=\"wpb_wrapper\">\n\t<div class=\"wpb_text_column wpb_content_element\" >\n\t\t<div class=\"wpb_wrapper\">\n\t\t\t<p style=\"font-weight: 400;\">La producci\u00f3n cient\u00edfica de F\u00e9lix P\u00e9rez Mart\u00ednez, designado profesor em\u00e9rito de la\u00a0<a href=\"http:\/\/www.etsit.upm.es\/\">Higher Technical School of Telecommunications Engineers<\/a>\u00a0(ETSIT) tras su reciente jubilaci\u00f3n, ocupa ya un espacio de honor en el Archivo Digital UPM. El proyecto\u00a0<em><a href=\"https:\/\/oa.upm.es\/creamofscience\/\">Cream of Science<\/a><\/em>, que busca dar una mayor visibilidad al trabajo de acad\u00e9micos sobresalientes de la\u00a0<a href=\"http:\/\/www.upm.es\/\">Technical University of Madrid<\/a>\u00a0(UPM), ha incorporado su obra completa junto a una rese\u00f1a biogr\u00e1fica y varios enlaces a acontecimientos relevantes de su vida profesional.<\/p>\n<p style=\"font-weight: 400;\">P\u00e9rez ha centrado su actividad docente e investigadora en las tecnolog\u00edas de radiofrecuencia y los sistemas de radar. A menudo, en colaboraci\u00f3n con las Fuerzas Armadas, labor recompensada con las cruces al M\u00e9rito Naval y Militar con distintivo blanco. Catedr\u00e1tico desde 1989 del Departamento de Se\u00f1ales, Sistemas y Radiocomunicaciones, fue director de la ETSIT entre 2013 y 2021. Actualmente sigue al frente de las c\u00e1tedras universidad-empresa de la UPM\u00a0<a href=\"https:\/\/blogs.upm.es\/catedra-ceseden-upm\/\">con el Ministerio de Defensa<\/a>\u00a0y la\u00a0<a href=\"https:\/\/www.upm.es\/observatorio\/vi\/index.jsp?pageac=proyectos\/ficha_proyecto.jsp&amp;idp=8981&amp;tipo=Catedras\">compa\u00f1\u00eda Indra<\/a>. Tambi\u00e9n preside la\u00a0<a href=\"https:\/\/www.fundacioncirculo.es\/\">Fundaci\u00f3n C\u00edrculo de Tecnolog\u00eda para la Defensa y la Seguridad<\/a>. Adem\u00e1s, es miembro numerario de la\u00a0<a href=\"https:\/\/www.radoctores.es\/\">Real Academia de Doctores de Espa\u00f1a<\/a>\u00a0y de la\u00a0<a href=\"https:\/\/www.acami.es\/\">Academia de las Ciencias y las Artes Militares<\/a>.<\/p>\n<p>&nbsp;<\/p>\n<p style=\"font-weight: 400;\"><b><strong>&#8216;Cream of Science&#8217; |\u00a0<a href=\"https:\/\/oa.upm.es\/creamofscience\/#felix-perez-martinez\">F\u00e9lix P\u00e9rez Mart\u00ednez<\/a><\/strong><\/b><\/p>\n<p>\u00a0<\/p>\n\n\t\t<\/div>\n\t<\/div>\n<\/div><\/div><\/div><\/div><div class=\"vc_row wpb_row vc_row-fluid\"><div class=\"wpb_column vc_column_container vc_col-sm-12\"><div class=\"vc_column-inner\"><div class=\"wpb_wrapper\"><\/div><\/div><\/div><\/div>","protected":false},"excerpt":{"rendered":"<p>&nbsp; El proyecto \u2018Cream of Science\u2019 incorpora la producci\u00f3n cient\u00edfica del profesor em\u00e9rito de la ETSIT junto a una rese\u00f1a biogr\u00e1fica y acontecimientos relevantes de su carrera &nbsp; La producci\u00f3n cient\u00edfica de F\u00e9lix P\u00e9rez Mart\u00ednez, designado profesor em\u00e9rito de la\u00a0Escuela T\u00e9cnica Superior de Ingenieros de Telecomunicaci\u00f3n\u00a0(ETSIT) tras su reciente jubilaci\u00f3n, ocupa ya un espacio de&hellip;<\/p>","protected":false},"author":10,"featured_media":4359,"comment_status":"open","ping_status":"open","sticky":false,"template":"","format":"standard","meta":[],"categories":[34,30],"tags":[],"_links":{"self":[{"href":"https:\/\/ssr.upm.es\/en\/wp-json\/wp\/v2\/posts\/4358"}],"collection":[{"href":"https:\/\/ssr.upm.es\/en\/wp-json\/wp\/v2\/posts"}],"about":[{"href":"https:\/\/ssr.upm.es\/en\/wp-json\/wp\/v2\/types\/post"}],"author":[{"embeddable":true,"href":"https:\/\/ssr.upm.es\/en\/wp-json\/wp\/v2\/users\/10"}],"replies":[{"embeddable":true,"href":"https:\/\/ssr.upm.es\/en\/wp-json\/wp\/v2\/comments?post=4358"}],"version-history":[{"count":1,"href":"https:\/\/ssr.upm.es\/en\/wp-json\/wp\/v2\/posts\/4358\/revisions"}],"predecessor-version":[{"id":4360,"href":"https:\/\/ssr.upm.es\/en\/wp-json\/wp\/v2\/posts\/4358\/revisions\/4360"}],"wp:featuredmedia":[{"embeddable":true,"href":"https:\/\/ssr.upm.es\/en\/wp-json\/wp\/v2\/media\/4359"}],"wp:attachment":[{"href":"https:\/\/ssr.upm.es\/en\/wp-json\/wp\/v2\/media?parent=4358"}],"wp:term":[{"taxonomy":"category","embeddable":true,"href":"https:\/\/ssr.upm.es\/en\/wp-json\/wp\/v2\/categories?post=4358"},{"taxonomy":"post_tag","embeddable":true,"href":"https:\/\/ssr.upm.es\/en\/wp-json\/wp\/v2\/tags?post=4358"}],"curies":[{"name":"wp","href":"https:\/\/api.w.org\/{rel}","templated":true}]}}