{"id":4369,"date":"2024-11-12T16:32:52","date_gmt":"2024-11-12T15:32:52","guid":{"rendered":"https:\/\/ssr.upm.es\/?p=4369"},"modified":"2024-11-12T16:32:52","modified_gmt":"2024-11-12T15:32:52","slug":"reconocimiento-rtth-trayectoria-profesional-luis-alfonso-hernandez-gomez","status":"publish","type":"post","link":"https:\/\/ssr.upm.es\/en\/2024\/11\/12\/reconocimiento-rtth-trayectoria-profesional-luis-alfonso-hernandez-gomez\/","title":{"rendered":"Reconocimiento de la RTTH a la trayectoria profesional de Luis Alfonso Hern\u00e1ndez G\u00f3mez"},"content":{"rendered":"<div class=\"vc_row wpb_row vc_row-fluid\"><div class=\"wpb_column vc_column_container vc_col-sm-12\"><div class=\"vc_column-inner\"><div class=\"wpb_wrapper\">\n\t<div class=\"wpb_text_column wpb_content_element\" >\n\t\t<div class=\"wpb_wrapper\">\n\t\t\t<div class=\"teaser-text\">\n<p>&nbsp;<\/p>\n<p><strong>El pasado 11 de Noviembre la Red Tem\u00e1tica en Tecnolog\u00edas de Habla (RTTH) reconoci\u00f3 la Trayectoria Profesional del profesor del SSR Luis A. Hern\u00e1ndez, dentro de la conferencia Iberspeech 2024 y de las XIII Jornadas en Tecnolog\u00eda del Habla.<\/strong><\/p>\n<p>&nbsp;<\/p>\n<\/div>\n\n\t\t<\/div>\n\t<\/div>\n\n\t<div  class=\"wpb_single_image wpb_content_element vc_align_center\">\n\t\t\n\t\t<figure class=\"wpb_wrapper vc_figure\">\n\t\t\t<div class=\"vc_single_image-wrapper   vc_box_border_grey\"><img width=\"200\" height=\"200\" src=\"https:\/\/ssr.upm.es\/wp-content\/uploads\/2024\/11\/Luis-A.-Hernandez.jpg\" class=\"vc_single_image-img attachment-full\" alt=\"\" loading=\"lazy\" srcset=\"https:\/\/ssr.upm.es\/wp-content\/uploads\/2024\/11\/Luis-A.-Hernandez.jpg 200w, https:\/\/ssr.upm.es\/wp-content\/uploads\/2024\/11\/Luis-A.-Hernandez-150x150.jpg 150w, https:\/\/ssr.upm.es\/wp-content\/uploads\/2024\/11\/Luis-A.-Hernandez-12x12.jpg 12w\" sizes=\"(max-width: 200px) 100vw, 200px\"  data-dt-location=\"https:\/\/ssr.upm.es\/en\/2024\/11\/12\/reconocimiento-rtth-trayectoria-profesional-luis-alfonso-hernandez-gomez\/luis-a-hernandez\/\" \/><\/div>\n\t\t<\/figure>\n\t<\/div>\n<div class=\"vc_empty_space\"   style=\"height: 32px\"><span class=\"vc_empty_space_inner\"><\/span><\/div><\/div><\/div><\/div><\/div><div class=\"vc_row wpb_row vc_row-fluid\"><div class=\"wpb_column vc_column_container vc_col-sm-12\"><div class=\"vc_column-inner\"><div class=\"wpb_wrapper\">\n\t<div class=\"wpb_text_column wpb_content_element\" >\n\t\t<div class=\"wpb_wrapper\">\n\t\t\t<p>Luis es profesor de la UPM desde hace casi 30 a\u00f1os, adscrito al Departamento de Se\u00f1ales, Sistemas y Radiocomunicaciones. En 1989 cofund\u00f3 el Grupo de Aplicaciones del Procesado de Se\u00f1al (GAPS-UPM).<\/p>\n<p>A lo largo de estos a\u00f1os ha participado en muchas de las actividades centrales del desarrollo de la Tecnolog\u00eda del Habla en Espa\u00f1a. Adem\u00e1s de sus colaboraciones con numerosas Universidades y Grupos de Investigaci\u00f3n, ha colaborado con el Grupo Telef\u00f3nica desde los tiempos de la Divisi\u00f3n de Tecnolog\u00edas del Habla, y hasta la fecha.<\/p>\n<p>En su haber est\u00e1n m\u00e1s de 150 contribuciones a congreso, 22 tesis doctorales dirigidas, m\u00e1s de 50 Proyectos fin de Carrera, y otros tantos Trabajos Fin de M\u00e1ster.<\/p>\n<p>El premio a la Trayectoria Profesional se entrega cada dos a\u00f1os por el comit\u00e9 de premios de la RTTH, coincidiendo con la edici\u00f3n bianual de las Jornadas en Tecnolog\u00eda del Habla. En esta edici\u00f3n ha reca\u00eddo tambi\u00e9n en el catedr\u00e1tico jubilado Francisco Casacuberta, Profesor Ad Honorem en la Universidad Polit\u00e9cnica de Valencia.<\/p>\n\n\t\t<\/div>\n\t<\/div>\n<\/div><\/div><\/div><\/div><div class=\"vc_row wpb_row vc_row-fluid\"><div class=\"wpb_column vc_column_container vc_col-sm-12\"><div class=\"vc_column-inner\"><div class=\"wpb_wrapper\"><\/div><\/div><\/div><\/div>","protected":false},"excerpt":{"rendered":"<p>&nbsp; El pasado 11 de Noviembre la Red Tem\u00e1tica en Tecnolog\u00edas de Habla (RTTH) reconoci\u00f3 la Trayectoria Profesional del profesor del SSR Luis A. Hern\u00e1ndez, dentro de la conferencia Iberspeech 2024 y de las XIII Jornadas en Tecnolog\u00eda del Habla. &nbsp; Luis es profesor de la UPM desde hace casi 30 a\u00f1os, adscrito al Departamento&hellip;<\/p>","protected":false},"author":10,"featured_media":4370,"comment_status":"open","ping_status":"open","sticky":false,"template":"","format":"standard","meta":[],"categories":[34,30],"tags":[],"_links":{"self":[{"href":"https:\/\/ssr.upm.es\/en\/wp-json\/wp\/v2\/posts\/4369"}],"collection":[{"href":"https:\/\/ssr.upm.es\/en\/wp-json\/wp\/v2\/posts"}],"about":[{"href":"https:\/\/ssr.upm.es\/en\/wp-json\/wp\/v2\/types\/post"}],"author":[{"embeddable":true,"href":"https:\/\/ssr.upm.es\/en\/wp-json\/wp\/v2\/users\/10"}],"replies":[{"embeddable":true,"href":"https:\/\/ssr.upm.es\/en\/wp-json\/wp\/v2\/comments?post=4369"}],"version-history":[{"count":2,"href":"https:\/\/ssr.upm.es\/en\/wp-json\/wp\/v2\/posts\/4369\/revisions"}],"predecessor-version":[{"id":4372,"href":"https:\/\/ssr.upm.es\/en\/wp-json\/wp\/v2\/posts\/4369\/revisions\/4372"}],"wp:featuredmedia":[{"embeddable":true,"href":"https:\/\/ssr.upm.es\/en\/wp-json\/wp\/v2\/media\/4370"}],"wp:attachment":[{"href":"https:\/\/ssr.upm.es\/en\/wp-json\/wp\/v2\/media?parent=4369"}],"wp:term":[{"taxonomy":"category","embeddable":true,"href":"https:\/\/ssr.upm.es\/en\/wp-json\/wp\/v2\/categories?post=4369"},{"taxonomy":"post_tag","embeddable":true,"href":"https:\/\/ssr.upm.es\/en\/wp-json\/wp\/v2\/tags?post=4369"}],"curies":[{"name":"wp","href":"https:\/\/api.w.org\/{rel}","templated":true}]}}