{"id":4437,"date":"2025-02-12T18:52:08","date_gmt":"2025-02-12T17:52:08","guid":{"rendered":"https:\/\/ssr.upm.es\/?p=4437"},"modified":"2025-02-18T19:00:04","modified_gmt":"2025-02-18T18:00:04","slug":"el-catedratico-manuel-sierra-nuevo-miembro-honorario-del-ieee","status":"publish","type":"post","link":"https:\/\/ssr.upm.es\/en\/2025\/02\/12\/el-catedratico-manuel-sierra-nuevo-miembro-honorario-del-ieee\/","title":{"rendered":"El catedr\u00e1tico Manuel Sierra, nuevo miembro honorario del IEEE"},"content":{"rendered":"<div class=\"vc_row wpb_row vc_row-fluid\"><div class=\"wpb_column vc_column_container vc_col-sm-12\"><div class=\"vc_column-inner\"><div class=\"wpb_wrapper\">\n\t<div class=\"wpb_text_column wpb_content_element\" >\n\t\t<div class=\"wpb_wrapper\">\n\t\t\t<div class=\"teaser-text\">\n<p>&nbsp;<\/p>\n<p><strong>La asociaci\u00f3n mundial de ingenieros reconoce las \u00abcontribuciones extraordinarias\u00bb del actual director de la ETSIT en el \u00e1mbito de la medida y el dise\u00f1o de antenas<\/strong><\/p>\n<p>&nbsp;<\/p>\n<\/div>\n\n\t\t<\/div>\n\t<\/div>\n\n\t<div  class=\"wpb_single_image wpb_content_element vc_align_center\">\n\t\t\n\t\t<figure class=\"wpb_wrapper vc_figure\">\n\t\t\t<div class=\"vc_single_image-wrapper   vc_box_border_grey\"><img width=\"600\" height=\"450\" src=\"https:\/\/ssr.upm.es\/wp-content\/uploads\/2024\/11\/Manuel_Sierra_AMTA_R.jpg\" class=\"vc_single_image-img attachment-full\" alt=\"El catedr\u00e1tico Manuel Sierra, en la c\u00e1mara anecoica de la ETSIT\" loading=\"lazy\" srcset=\"https:\/\/ssr.upm.es\/wp-content\/uploads\/2024\/11\/Manuel_Sierra_AMTA_R.jpg 600w, https:\/\/ssr.upm.es\/wp-content\/uploads\/2024\/11\/Manuel_Sierra_AMTA_R-300x225.jpg 300w, https:\/\/ssr.upm.es\/wp-content\/uploads\/2024\/11\/Manuel_Sierra_AMTA_R-16x12.jpg 16w\" sizes=\"(max-width: 600px) 100vw, 600px\"  data-dt-location=\"https:\/\/ssr.upm.es\/en\/2024\/10\/28\/manuel-sierra-castaner-premiado-en-eeuu-logros-ambito-medida-de-antenas\/manuel_sierra_amta_r\/\" \/><\/div>\n\t\t<\/figure>\n\t<\/div>\n<div class=\"vc_empty_space\"   style=\"height: 32px\"><span class=\"vc_empty_space_inner\"><\/span><\/div><\/div><\/div><\/div><\/div><div class=\"vc_row wpb_row vc_row-fluid\"><div class=\"wpb_column vc_column_container vc_col-sm-12\"><div class=\"vc_column-inner\"><div class=\"wpb_wrapper\">\n\t<div class=\"wpb_text_column wpb_content_element\" >\n\t\t<div class=\"wpb_wrapper\">\n\t\t\t<p><span data-contrast=\"auto\">Manuel Sierra, catedr\u00e1tico y actual director de la\u202f<\/span><a href=\"http:\/\/www.etsit.upm.es\/\"><span data-contrast=\"none\">Higher Technical School of Telecommunications Engineers<\/span><\/a><span data-contrast=\"auto\">\u202f(ETSIT) de la\u202f<\/span><a href=\"http:\/\/www.upm.es\/\"><span data-contrast=\"none\">Technical University of Madrid<\/span><\/a><span data-contrast=\"auto\">\u202f(UPM), ha sido designado miembro honorario (<\/span><i><span data-contrast=\"auto\">fellow<\/span><\/i><span data-contrast=\"auto\">) del\u202f<\/span><a href=\"https:\/\/www.ieee.org\/\"><span data-contrast=\"none\">Instituto de Ingenieros El\u00e9ctricos y Electr\u00f3nicos<\/span><\/a><span data-contrast=\"auto\">, m\u00e1s conocido por sus siglas en ingl\u00e9s, IEEE. Esta distinci\u00f3n, reservada a los integrantes que han realizado \u00abcontribuciones extraordinarias\u00bb a la ingenier\u00eda, la ciencia y la tecnolog\u00eda, reconoce su trabajo en el \u00e1mbito de la medida y el dise\u00f1o de antenas. El nombramiento fue propuesto por la\u202f<\/span><a href=\"https:\/\/ieeeaps.org\/\"><span data-contrast=\"none\">Sociedad de Antenas y Propagaci\u00f3n<\/span><\/a><span data-contrast=\"auto\">\u202f(IEEE AP-S), una de las 39 que conforman la organizaci\u00f3n. Dedicado a promover y normalizar el desarrollo tecnol\u00f3gico, el IEEE constituye la mayor asociaci\u00f3n de ingenieros del mundo, con cerca de 425.000 miembros pertenecientes a 160 pa\u00edses.<\/span><span data-ccp-props=\"{}\">\u00a0<\/span><\/p>\n<p><span data-contrast=\"auto\">Director del\u202f<\/span><a href=\"https:\/\/www.gr.ssr.upm.es\/\"><span data-contrast=\"none\">Grupo de Radiaci\u00f3n<\/span><\/a><span data-contrast=\"auto\">\u202f(GR) desde 2020, Sierra est\u00e1 al frente del\u202f<\/span><a href=\"https:\/\/www.gr.ssr.upm.es\/index.php\/es\/leha\/sobre-nosotros\"><span data-contrast=\"none\">Laboratorio de Ensayos y Homologaci\u00f3n de Antenas<\/span><\/a><span data-contrast=\"auto\">, uno de los pocos de su especialidad con acreditaci\u00f3n ISO 17025, donde se caracterizan antenas y sistemas para sat\u00e9lites, misiones de la Agencia Espacial Europea, aplicaciones de defensa y comunicaciones personales. Su labor investigadora m\u00e1s reciente se ha centrado en el desarrollo de t\u00e9cnicas de posprocesado que buscan mejorar la precisi\u00f3n y la rapidez de las medidas. \u201cTuve que especializarme para poder compatibilizar la investigaci\u00f3n con mis tareas de gesti\u00f3n\u201d, explica Sierra, que anteriormente fue director de Cooperaci\u00f3n de la UPM.<\/span><span data-ccp-props=\"{}\">\u00a0<\/span><\/p>\n<p><span data-contrast=\"auto\">Respecto a la dificultad para compaginar distintas responsabilidades durante los \u00faltimos a\u00f1os, agradece el catedr\u00e1tico de la ETSIT haber contado \u201ccon un conjunto de estudiantes y compa\u00f1eros de grupo de investigaci\u00f3n excepcionales\u201d. \u201cQuiero destacar los 10 doctorandos que he dirigido o estoy dirigiendo y a los que he acompa\u00f1ado en su formaci\u00f3n. Sin ellos, habr\u00eda sido imposible realizar mi labor investigadora\u201d, asegura.<\/span><span data-ccp-props=\"{}\">\u00a0<\/span><\/p>\n<p><span data-contrast=\"auto\">Tambi\u00e9n Sierra se muestra agradecido al rememorar los comienzos de su carrera acad\u00e9mica. Se\u00f1ala que tuvo \u201cla suerte\u201d de incorporarse a un grupo \u201cmuy fuerte\u201d, en referencia al GR, \u201cen el que hab\u00eda una experiencia de investigaci\u00f3n y unas infraestructuras de dise\u00f1o, fabricaci\u00f3n y medida de antenas muy avanzadas\u201d. Y destaca la actividad internacional que pudo desarrollar, con estancias predoctorales en el Instituto Tecnol\u00f3gico de Tokio (Tokyo Tech, Jap\u00f3n) y la Escuela Polit\u00e9cnica Federal de Lausana (EPFL, Suiza), m\u00e1s otra posdoctoral tambi\u00e9n en Tokyo Tech, donde acudi\u00f3 en calidad de profesor visitante los veranos de 2012 y 2013.<\/span><span data-ccp-props=\"{}\">\u00a0<\/span><\/p>\n<p><span data-contrast=\"auto\">La implicaci\u00f3n de Sierra en organizaciones internacionales ha sido una constante en su trayectoria profesional. Principalmente en la\u202f<\/span><a href=\"https:\/\/www.euraap.org\/\"><span data-contrast=\"none\">Asociaci\u00f3n Europea de Antenas y Propagaci\u00f3n<\/span><\/a><span data-contrast=\"auto\">\u202f(EurAPP), donde ha ocupado el puesto de vicepresidente. Presidi\u00f3 el comit\u00e9 organizador de su congreso de 2022 en Madrid, tras ser vicepresidente en los de Barcelona (2010) y Lisboa (2015). Adem\u00e1s, es profesor de la Escuela Europea de Antenas y Propagaci\u00f3n desde 2006. Durante cinco a\u00f1os, entre 2015 y 2020, fue el representante en Europa de la\u202f<\/span><a href=\"https:\/\/www.amta.org\/\"><span data-contrast=\"none\">Asociaci\u00f3n de T\u00e9cnicas de Medidas de Antenas<\/span><\/a><span data-contrast=\"auto\">\u202f(AMTA), organizaci\u00f3n con sede en EEUU que lo\u202f<\/span><a href=\"https:\/\/www.etsit.upm.es\/otros-elementos\/noticias.html?tx_news_pi1%5Bnews%5D=1208&amp;tx_news_pi1%5Bcontroller%5D=News&amp;tx_news_pi1%5Baction%5D=detail&amp;cHash=785c1041721503dadd762ec9d8336b79\"><span data-contrast=\"none\">premi\u00f3 recientemente por su trabajo pionero<\/span><\/a><span data-contrast=\"auto\">\u202fen esta \u00e1rea.<\/span><span data-ccp-props=\"{}\">\u00a0<\/span><\/p>\n<p><span data-contrast=\"auto\">\u202f<\/span><span data-ccp-props=\"{}\">\u00a0<\/span><\/p>\n\n\t\t<\/div>\n\t<\/div>\n<\/div><\/div><\/div><\/div><div class=\"vc_row wpb_row vc_row-fluid\"><div class=\"wpb_column vc_column_container vc_col-sm-12\"><div class=\"vc_column-inner\"><div class=\"wpb_wrapper\"><\/div><\/div><\/div><\/div>","protected":false},"excerpt":{"rendered":"<p>&nbsp; La asociaci\u00f3n mundial de ingenieros reconoce las \u00abcontribuciones extraordinarias\u00bb del actual director de la ETSIT en el \u00e1mbito de la medida y el dise\u00f1o de antenas &nbsp; Manuel Sierra, catedr\u00e1tico y actual director de la\u202fEscuela T\u00e9cnica Superior de Ingenieros de Telecomunicaci\u00f3n\u202f(ETSIT) de la\u202fUniversidad Polit\u00e9cnica de Madrid\u202f(UPM), ha sido designado miembro honorario (fellow) del\u202fInstituto de&hellip;<\/p>","protected":false},"author":10,"featured_media":4363,"comment_status":"open","ping_status":"open","sticky":false,"template":"","format":"standard","meta":[],"categories":[34,30],"tags":[],"_links":{"self":[{"href":"https:\/\/ssr.upm.es\/en\/wp-json\/wp\/v2\/posts\/4437"}],"collection":[{"href":"https:\/\/ssr.upm.es\/en\/wp-json\/wp\/v2\/posts"}],"about":[{"href":"https:\/\/ssr.upm.es\/en\/wp-json\/wp\/v2\/types\/post"}],"author":[{"embeddable":true,"href":"https:\/\/ssr.upm.es\/en\/wp-json\/wp\/v2\/users\/10"}],"replies":[{"embeddable":true,"href":"https:\/\/ssr.upm.es\/en\/wp-json\/wp\/v2\/comments?post=4437"}],"version-history":[{"count":2,"href":"https:\/\/ssr.upm.es\/en\/wp-json\/wp\/v2\/posts\/4437\/revisions"}],"predecessor-version":[{"id":4439,"href":"https:\/\/ssr.upm.es\/en\/wp-json\/wp\/v2\/posts\/4437\/revisions\/4439"}],"wp:featuredmedia":[{"embeddable":true,"href":"https:\/\/ssr.upm.es\/en\/wp-json\/wp\/v2\/media\/4363"}],"wp:attachment":[{"href":"https:\/\/ssr.upm.es\/en\/wp-json\/wp\/v2\/media?parent=4437"}],"wp:term":[{"taxonomy":"category","embeddable":true,"href":"https:\/\/ssr.upm.es\/en\/wp-json\/wp\/v2\/categories?post=4437"},{"taxonomy":"post_tag","embeddable":true,"href":"https:\/\/ssr.upm.es\/en\/wp-json\/wp\/v2\/tags?post=4437"}],"curies":[{"name":"wp","href":"https:\/\/api.w.org\/{rel}","templated":true}]}}