{"id":4462,"date":"2025-03-05T16:49:27","date_gmt":"2025-03-05T15:49:27","guid":{"rendered":"https:\/\/ssr.upm.es\/?p=4462"},"modified":"2025-03-07T09:49:44","modified_gmt":"2025-03-07T08:49:44","slug":"jose-ramon-casar-vicepresidente-real-academia-de-doctores-de-espana","status":"publish","type":"post","link":"https:\/\/ssr.upm.es\/en\/2025\/03\/05\/jose-ramon-casar-vicepresidente-real-academia-de-doctores-de-espana\/","title":{"rendered":"Jos\u00e9 Ram\u00f3n Casar, nuevo vicepresidente de la Real Academia de Doctores de Espa\u00f1a"},"content":{"rendered":"<div class=\"vc_row wpb_row vc_row-fluid\"><div class=\"wpb_column vc_column_container vc_col-sm-12\"><div class=\"vc_column-inner\"><div class=\"wpb_wrapper\">\n\t<div class=\"wpb_text_column wpb_content_element\" >\n\t\t<div class=\"wpb_wrapper\">\n\t\t\t<div class=\"teaser-text\">\n<p>&nbsp;<\/p>\n<p><strong>El catedr\u00e1tico del SSR presid\u00eda hasta la fecha la secci\u00f3n de Ingenier\u00eda de la instituci\u00f3n<\/strong><\/p>\n<p>&nbsp;<\/p>\n<\/div>\n\n\t\t<\/div>\n\t<\/div>\n\n\t<div  class=\"wpb_single_image wpb_content_element vc_align_center\">\n\t\t\n\t\t<figure class=\"wpb_wrapper vc_figure\">\n\t\t\t<div class=\"vc_single_image-wrapper   vc_box_border_grey\"><img width=\"800\" height=\"600\" src=\"https:\/\/ssr.upm.es\/wp-content\/uploads\/2025\/03\/csm_Jose_Ramon_Casar_3_4da7a8f98e.jpg\" class=\"vc_single_image-img attachment-full\" alt=\"El catedr\u00e1tico de la ETSIT Jos\u00e9 Ram\u00f3n Casar\" loading=\"lazy\" srcset=\"https:\/\/ssr.upm.es\/wp-content\/uploads\/2025\/03\/csm_Jose_Ramon_Casar_3_4da7a8f98e.jpg 800w, https:\/\/ssr.upm.es\/wp-content\/uploads\/2025\/03\/csm_Jose_Ramon_Casar_3_4da7a8f98e-300x225.jpg 300w, https:\/\/ssr.upm.es\/wp-content\/uploads\/2025\/03\/csm_Jose_Ramon_Casar_3_4da7a8f98e-768x576.jpg 768w, https:\/\/ssr.upm.es\/wp-content\/uploads\/2025\/03\/csm_Jose_Ramon_Casar_3_4da7a8f98e-16x12.jpg 16w\" sizes=\"(max-width: 800px) 100vw, 800px\"  data-dt-location=\"https:\/\/ssr.upm.es\/en\/2025\/03\/05\/jose-ramon-casar-vicepresidente-real-academia-de-doctores-de-espana\/csm_jose_ramon_casar_3_4da7a8f98e\/\" \/><\/div>\n\t\t<\/figure>\n\t<\/div>\n<div class=\"vc_empty_space\"   style=\"height: 32px\"><span class=\"vc_empty_space_inner\"><\/span><\/div><\/div><\/div><\/div><\/div><div class=\"vc_row wpb_row vc_row-fluid\"><div class=\"wpb_column vc_column_container vc_col-sm-12\"><div class=\"vc_column-inner\"><div class=\"wpb_wrapper\">\n\t<div class=\"wpb_text_column wpb_content_element\" >\n\t\t<div class=\"wpb_wrapper\">\n\t\t\t<p style=\"font-weight: 400;\">Jos\u00e9 Ram\u00f3n Casar Corredera, catedr\u00e1tico de la\u00a0<a href=\"http:\/\/www.etsit.upm.es\/\">Higher Technical School of Telecommunications Engineers<\/a>\u00a0(ETSIT), fue elegido el 26 de febrero vicepresidente de la\u00a0<a href=\"https:\/\/www.rade.es\/\">Real Academia de Doctores de Espa\u00f1a<\/a>. Su designaci\u00f3n cont\u00f3 con el voto a favor de 62 de los 64 acad\u00e9micos de n\u00famero presentes en el pleno ordinario convocado para cubrir el cargo. Casar presid\u00eda hasta la fecha la secci\u00f3n de Ingenier\u00eda de esta corporaci\u00f3n de derecho p\u00fablico de car\u00e1cter cient\u00edfico, t\u00e9cnico, human\u00edstico y social.<\/p>\n<p style=\"font-weight: 400;\">Adscrito al\u00a0<a href=\"https:\/\/ssr.upm.es\/en\/\">Department of Signals, Systems and Radiocommunications<\/a>, el catedr\u00e1tico de la ETSIT es el responsable del\u00a0<a href=\"https:\/\/www.upm.es\/recursosidi\/map\/grupo-de-procesado-de-datos-y-simulacion-gpds-ceditec\/\">Grupo de Procesado de Datos y Simulaci\u00f3n<\/a>. Sus intereses de investigaci\u00f3n incluyen tecnolog\u00edas de radar, procesamiento de se\u00f1ales y datos, fusi\u00f3n multisensorial y an\u00e1lisis de im\u00e1genes tanto para aplicaciones civiles como de defensa. Ha sido investigador principal de m\u00e1s de una treintena de proyectos financiados en convocatoria p\u00fablicas y alrededor de 70 proyectos de I+D con empresas. Galardonado con varios premios individuales y colectivos, est\u00e1 en posesi\u00f3n de la Gran Cruz al M\u00e9rito Naval con distintivo blanco.<\/p>\n<p style=\"font-weight: 400;\">La Real Academia de Doctores, integrada por un m\u00e1ximo de 120 miembros numerarios que se distribuyen en 10 secciones seg\u00fan disciplinas, tiene como cometido el desarrollo de las ciencias, las letras, las artes y de todo aquello que tienda a la difusi\u00f3n de la cultura. Durante el periodo de Casar al frente de la secci\u00f3n de Ingenier\u00eda, se han incorporado a la instituci\u00f3n cinco profesores de la\u00a0<a href=\"http:\/\/www.upm.es\/\">Technical University of Madrid<\/a>\u00a0(UPM): Francisco Gonz\u00e1lez de Posada,\u00a0<a href=\"https:\/\/www.etsit.upm.es\/da\/otros-elementos\/noticias.html?tx_news_pi1%5Bnews%5D=1194&amp;tx_news_pi1%5Bcontroller%5D=News&amp;tx_news_pi1%5Baction%5D=detail&amp;cHash=39acbd4913cff6946e1727f130b1125f\">F\u00e9lix P\u00e9rez Mart\u00ednez<\/a>,\u00a0<a href=\"https:\/\/www.etsit.upm.es\/otros-elementos\/noticias.html?tx_news_pi1%5Bnews%5D=1104&amp;tx_news_pi1%5Bcontroller%5D=News&amp;tx_news_pi1%5Baction%5D=detail&amp;cHash=b27d84442c20bb90e95a832876135342\">Gonzalo Le\u00f3n Serrano<\/a>, Carlos Buxad\u00e9 Carb\u00f3 y Eloy \u00c1lvarez Pelegry.<\/p>\n<p>\u00a0<\/p>\n\n\t\t<\/div>\n\t<\/div>\n<\/div><\/div><\/div><\/div><div class=\"vc_row wpb_row vc_row-fluid\"><div class=\"wpb_column vc_column_container vc_col-sm-12\"><div class=\"vc_column-inner\"><div class=\"wpb_wrapper\"><\/div><\/div><\/div><\/div>","protected":false},"excerpt":{"rendered":"<p>&nbsp; El catedr\u00e1tico del SSR presid\u00eda hasta la fecha la secci\u00f3n de Ingenier\u00eda de la instituci\u00f3n &nbsp; Jos\u00e9 Ram\u00f3n Casar Corredera, catedr\u00e1tico de la\u00a0Escuela T\u00e9cnica Superior de Ingenieros de Telecomunicaci\u00f3n\u00a0(ETSIT), fue elegido el 26 de febrero vicepresidente de la\u00a0Real Academia de Doctores de Espa\u00f1a. Su designaci\u00f3n cont\u00f3 con el voto a favor de 62 de&hellip;<\/p>","protected":false},"author":10,"featured_media":4463,"comment_status":"open","ping_status":"open","sticky":false,"template":"","format":"standard","meta":[],"categories":[34,30],"tags":[],"_links":{"self":[{"href":"https:\/\/ssr.upm.es\/en\/wp-json\/wp\/v2\/posts\/4462"}],"collection":[{"href":"https:\/\/ssr.upm.es\/en\/wp-json\/wp\/v2\/posts"}],"about":[{"href":"https:\/\/ssr.upm.es\/en\/wp-json\/wp\/v2\/types\/post"}],"author":[{"embeddable":true,"href":"https:\/\/ssr.upm.es\/en\/wp-json\/wp\/v2\/users\/10"}],"replies":[{"embeddable":true,"href":"https:\/\/ssr.upm.es\/en\/wp-json\/wp\/v2\/comments?post=4462"}],"version-history":[{"count":1,"href":"https:\/\/ssr.upm.es\/en\/wp-json\/wp\/v2\/posts\/4462\/revisions"}],"predecessor-version":[{"id":4464,"href":"https:\/\/ssr.upm.es\/en\/wp-json\/wp\/v2\/posts\/4462\/revisions\/4464"}],"wp:featuredmedia":[{"embeddable":true,"href":"https:\/\/ssr.upm.es\/en\/wp-json\/wp\/v2\/media\/4463"}],"wp:attachment":[{"href":"https:\/\/ssr.upm.es\/en\/wp-json\/wp\/v2\/media?parent=4462"}],"wp:term":[{"taxonomy":"category","embeddable":true,"href":"https:\/\/ssr.upm.es\/en\/wp-json\/wp\/v2\/categories?post=4462"},{"taxonomy":"post_tag","embeddable":true,"href":"https:\/\/ssr.upm.es\/en\/wp-json\/wp\/v2\/tags?post=4462"}],"curies":[{"name":"wp","href":"https:\/\/api.w.org\/{rel}","templated":true}]}}